{"id":11727,"date":"2022-04-01T05:10:37","date_gmt":"2022-04-01T05:10:37","guid":{"rendered":"https:\/\/fmdelpueblo.ar\/?p=11727"},"modified":"2022-04-01T05:10:37","modified_gmt":"2022-04-01T05:10:37","slug":"neoyorquinos-planean-reducir-a-la-mitad-el-tiempo-en-la-oficina","status":"publish","type":"post","link":"http:\/\/fmdelpueblo.ar\/?p=11727","title":{"rendered":"Neoyorquinos planean reducir a la mitad el tiempo en la oficina"},"content":{"rendered":"<\/p>\n<p>La mayor\u00eda de los neoyorquinos que trabajaron desde casa durante la pandemia planean reducir su tiempo en la oficina a casi la mitad y gastar menos dinero en la ciudad anualmente, lo que ilustra los desaf\u00edos que enfrenta la ciudad a medida que las empresas se adaptan a los horarios h\u00edbridos. <a href=\"https:\/\/www.perfil.com\/noticias\/bloomberg\/bc-neoyorquinos-planean-reducir-a-la-mitad-el-tiempo-en-la-oficina.phtml\">Leer m\u00e1s<\/a><\/p>\n","protected":false},"excerpt":{"rendered":"<p>La mayor\u00eda de los neoyorquinos que trabajaron desde casa durante la pandemia planean reducir su tiempo en la oficina a casi la mitad y gastar menos dinero en la ciudad anualmente, lo que ilustra los desaf\u00edos que enfrenta la ciudad a medida que las empresas se adaptan a los horarios h\u00edbridos. Leer m\u00e1s<\/p>\n","protected":false},"author":0,"featured_media":0,"comment_status":"","ping_status":"","sticky":false,"template":"","format":"standard","meta":{"footnotes":""},"categories":[1],"tags":[],"class_list":["post-11727","post","type-post","status-publish","format-standard","hentry","category-sin-categoria"],"_links":{"self":[{"href":"http:\/\/fmdelpueblo.ar\/index.php?rest_route=\/wp\/v2\/posts\/11727","targetHints":{"allow":["GET"]}}],"collection":[{"href":"http:\/\/fmdelpueblo.ar\/index.php?rest_route=\/wp\/v2\/posts"}],"about":[{"href":"http:\/\/fmdelpueblo.ar\/index.php?rest_route=\/wp\/v2\/types\/post"}],"replies":[{"embeddable":true,"href":"http:\/\/fmdelpueblo.ar\/index.php?rest_route=%2Fwp%2Fv2%2Fcomments&post=11727"}],"version-history":[{"count":0,"href":"http:\/\/fmdelpueblo.ar\/index.php?rest_route=\/wp\/v2\/posts\/11727\/revisions"}],"wp:attachment":[{"href":"http:\/\/fmdelpueblo.ar\/index.php?rest_route=%2Fwp%2Fv2%2Fmedia&parent=11727"}],"wp:term":[{"taxonomy":"category","embeddable":true,"href":"http:\/\/fmdelpueblo.ar\/index.php?rest_route=%2Fwp%2Fv2%2Fcategories&post=11727"},{"taxonomy":"post_tag","embeddable":true,"href":"http:\/\/fmdelpueblo.ar\/index.php?rest_route=%2Fwp%2Fv2%2Ftags&post=11727"}],"curies":[{"name":"wp","href":"https:\/\/api.w.org\/{rel}","templated":true}]}}