{"id":117,"date":"2021-10-25T23:24:37","date_gmt":"2021-10-25T23:24:37","guid":{"rendered":"https:\/\/fmdelpueblo.ar\/?p=117"},"modified":"2021-10-25T23:24:37","modified_gmt":"2021-10-25T23:24:37","slug":"ciudad-de-buenos-aires-forest-se-suma-a-las-avenidas-con-ciclovias","status":"publish","type":"post","link":"http:\/\/fmdelpueblo.ar\/?p=117","title":{"rendered":"Ciudad de Buenos Aires: Forest se suma a las avenidas con ciclov\u00edas"},"content":{"rendered":"<\/p>\n<p>El gobierno porte\u00f1o sumar\u00e1 4,3 kil\u00f3metros de carriles exclusivos, casi la mitad en esa arteria. Desde su inicio hasta el 2020, los viajes en bicicleta se multiplicaron en hasta 349% y por cuatro las mujeres al manubrio.<br \/>\n <a href=\"https:\/\/www.perfil.com\/noticias\/actualidad\/ciudad-de-buenos-aires-forest-se-suma-a-las-avenidas-con-ciclovias.phtml\">Leer m\u00e1s<\/a><\/p>\n","protected":false},"excerpt":{"rendered":"<p>El gobierno porte\u00f1o sumar\u00e1 4,3 kil\u00f3metros de carriles exclusivos, casi la mitad en esa arteria. Desde su inicio hasta el 2020, los viajes en bicicleta se multiplicaron en hasta 349% y por cuatro las mujeres al manubrio. Leer m\u00e1s<\/p>\n","protected":false},"author":0,"featured_media":0,"comment_status":"","ping_status":"","sticky":false,"template":"","format":"standard","meta":{"footnotes":""},"categories":[1],"tags":[],"class_list":["post-117","post","type-post","status-publish","format-standard","hentry","category-sin-categoria"],"_links":{"self":[{"href":"http:\/\/fmdelpueblo.ar\/index.php?rest_route=\/wp\/v2\/posts\/117","targetHints":{"allow":["GET"]}}],"collection":[{"href":"http:\/\/fmdelpueblo.ar\/index.php?rest_route=\/wp\/v2\/posts"}],"about":[{"href":"http:\/\/fmdelpueblo.ar\/index.php?rest_route=\/wp\/v2\/types\/post"}],"replies":[{"embeddable":true,"href":"http:\/\/fmdelpueblo.ar\/index.php?rest_route=%2Fwp%2Fv2%2Fcomments&post=117"}],"version-history":[{"count":0,"href":"http:\/\/fmdelpueblo.ar\/index.php?rest_route=\/wp\/v2\/posts\/117\/revisions"}],"wp:attachment":[{"href":"http:\/\/fmdelpueblo.ar\/index.php?rest_route=%2Fwp%2Fv2%2Fmedia&parent=117"}],"wp:term":[{"taxonomy":"category","embeddable":true,"href":"http:\/\/fmdelpueblo.ar\/index.php?rest_route=%2Fwp%2Fv2%2Fcategories&post=117"},{"taxonomy":"post_tag","embeddable":true,"href":"http:\/\/fmdelpueblo.ar\/index.php?rest_route=%2Fwp%2Fv2%2Ftags&post=117"}],"curies":[{"name":"wp","href":"https:\/\/api.w.org\/{rel}","templated":true}]}}