{"id":11627,"date":"2022-03-31T01:12:43","date_gmt":"2022-03-31T01:12:43","guid":{"rendered":"http:\/\/fmdelpueblo.ar\/?p=11627"},"modified":"2022-03-31T01:12:43","modified_gmt":"2022-03-31T01:12:43","slug":"la-estrategia-de-alberto-fernandez-para-evitar-pagar-los-fondos-del-traspaso-de-la-policia-a-la-ciudad","status":"publish","type":"post","link":"http:\/\/fmdelpueblo.ar\/?p=11627","title":{"rendered":"La estrategia de Alberto Fern\u00e1ndez para evitar pagar los fondos del traspaso de la polic\u00eda a la Ciudad"},"content":{"rendered":"<\/p>\n<p>Adem\u00e1s, se desarroll\u00f3 un coloquio para buscar consensos a la hora de combatir la inseguridad, una de las principales problem\u00e1ticas en el pa\u00eds. <a href=\"https:\/\/www.perfil.com\/noticias\/reperfilar\/gobernadores-apoyaron-la-quita-de-coparticipacion-a-caba-y-apuntaron-contra-la-corte-suprema.phtml\">Leer m\u00e1s<\/a><\/p>\n","protected":false},"excerpt":{"rendered":"<p>Adem\u00e1s, se desarroll\u00f3 un coloquio para buscar consensos a la hora de combatir la inseguridad, una de las principales problem\u00e1ticas en el pa\u00eds. Leer m\u00e1s<\/p>\n","protected":false},"author":0,"featured_media":0,"comment_status":"","ping_status":"","sticky":false,"template":"","format":"standard","meta":{"footnotes":""},"categories":[1],"tags":[],"class_list":["post-11627","post","type-post","status-publish","format-standard","hentry","category-sin-categoria"],"_links":{"self":[{"href":"http:\/\/fmdelpueblo.ar\/index.php?rest_route=\/wp\/v2\/posts\/11627","targetHints":{"allow":["GET"]}}],"collection":[{"href":"http:\/\/fmdelpueblo.ar\/index.php?rest_route=\/wp\/v2\/posts"}],"about":[{"href":"http:\/\/fmdelpueblo.ar\/index.php?rest_route=\/wp\/v2\/types\/post"}],"replies":[{"embeddable":true,"href":"http:\/\/fmdelpueblo.ar\/index.php?rest_route=%2Fwp%2Fv2%2Fcomments&post=11627"}],"version-history":[{"count":0,"href":"http:\/\/fmdelpueblo.ar\/index.php?rest_route=\/wp\/v2\/posts\/11627\/revisions"}],"wp:attachment":[{"href":"http:\/\/fmdelpueblo.ar\/index.php?rest_route=%2Fwp%2Fv2%2Fmedia&parent=11627"}],"wp:term":[{"taxonomy":"category","embeddable":true,"href":"http:\/\/fmdelpueblo.ar\/index.php?rest_route=%2Fwp%2Fv2%2Fcategories&post=11627"},{"taxonomy":"post_tag","embeddable":true,"href":"http:\/\/fmdelpueblo.ar\/index.php?rest_route=%2Fwp%2Fv2%2Ftags&post=11627"}],"curies":[{"name":"wp","href":"https:\/\/api.w.org\/{rel}","templated":true}]}}