{"id":11623,"date":"2022-03-31T01:12:42","date_gmt":"2022-03-31T01:12:42","guid":{"rendered":"http:\/\/fmdelpueblo.ar\/?p=11623"},"modified":"2022-03-31T01:12:42","modified_gmt":"2022-03-31T01:12:42","slug":"gorodisch-el-estado-se-lleva-casi-el-50-del-precio-de-lo-que-compras-en-el-supermercado","status":"publish","type":"post","link":"http:\/\/fmdelpueblo.ar\/?p=11623","title":{"rendered":"Gorodisch: \u00abEl Estado se lleva casi el 50% del precio de lo que compras en el supermercado\u00bb"},"content":{"rendered":"<\/p>\n<p>Mariano Gorodisch asegur\u00f3 que el gran impuesto a la pobreza es la inflaci\u00f3n y que hay que generar puestos de empleo privados para salir del problema. <a href=\"https:\/\/www.perfil.com\/noticias\/reperfilar\/gorodisch-el-estado-se-lleva-casi-el-50-del-precio-de-lo-que-compras-en-el-supermercado.phtml\">Leer m\u00e1s<\/a><\/p>\n","protected":false},"excerpt":{"rendered":"<p>Mariano Gorodisch asegur\u00f3 que el gran impuesto a la pobreza es la inflaci\u00f3n y que hay que generar puestos de empleo privados para salir del problema. Leer m\u00e1s<\/p>\n","protected":false},"author":0,"featured_media":0,"comment_status":"","ping_status":"","sticky":false,"template":"","format":"standard","meta":{"footnotes":""},"categories":[1],"tags":[],"class_list":["post-11623","post","type-post","status-publish","format-standard","hentry","category-sin-categoria"],"_links":{"self":[{"href":"http:\/\/fmdelpueblo.ar\/index.php?rest_route=\/wp\/v2\/posts\/11623","targetHints":{"allow":["GET"]}}],"collection":[{"href":"http:\/\/fmdelpueblo.ar\/index.php?rest_route=\/wp\/v2\/posts"}],"about":[{"href":"http:\/\/fmdelpueblo.ar\/index.php?rest_route=\/wp\/v2\/types\/post"}],"replies":[{"embeddable":true,"href":"http:\/\/fmdelpueblo.ar\/index.php?rest_route=%2Fwp%2Fv2%2Fcomments&post=11623"}],"version-history":[{"count":0,"href":"http:\/\/fmdelpueblo.ar\/index.php?rest_route=\/wp\/v2\/posts\/11623\/revisions"}],"wp:attachment":[{"href":"http:\/\/fmdelpueblo.ar\/index.php?rest_route=%2Fwp%2Fv2%2Fmedia&parent=11623"}],"wp:term":[{"taxonomy":"category","embeddable":true,"href":"http:\/\/fmdelpueblo.ar\/index.php?rest_route=%2Fwp%2Fv2%2Fcategories&post=11623"},{"taxonomy":"post_tag","embeddable":true,"href":"http:\/\/fmdelpueblo.ar\/index.php?rest_route=%2Fwp%2Fv2%2Ftags&post=11623"}],"curies":[{"name":"wp","href":"https:\/\/api.w.org\/{rel}","templated":true}]}}