{"id":11621,"date":"2022-03-31T01:12:42","date_gmt":"2022-03-31T01:12:42","guid":{"rendered":"http:\/\/fmdelpueblo.ar\/?p=11621"},"modified":"2022-03-31T01:12:42","modified_gmt":"2022-03-31T01:12:42","slug":"alarmante-informe-vincula-a-mcdonalds-con-la-deforestacion-de-la-amazonia","status":"publish","type":"post","link":"http:\/\/fmdelpueblo.ar\/?p=11621","title":{"rendered":"Alarmante informe vincula a McDonald&#8217;s con la deforestaci\u00f3n de la Amazon\u00eda"},"content":{"rendered":"<\/p>\n<p>McDonald\u2019s Corp. estar\u00eda vinculada con la deforestaci\u00f3n y abusos laborales en los humedales del Pantanal de Brasil y en la selva amaz\u00f3nica, que desempe\u00f1a un papel crucial en la regulaci\u00f3n del clima mundial, seg\u00fan un informe publicado el mi\u00e9rcoles por Reporter Brasil, un grupo de investigaci\u00f3n independiente centrado en temas ambientales y laborales. <a href=\"https:\/\/www.perfil.com\/noticias\/bloomberg\/bc-nuevo-informe-vincula-a-mcdonalds-con-deforestacion-de-amazonia.phtml\">Leer m\u00e1s<\/a><\/p>\n","protected":false},"excerpt":{"rendered":"<p>McDonald\u2019s Corp. estar\u00eda vinculada con la deforestaci\u00f3n y abusos laborales en los humedales del Pantanal de Brasil y en la selva amaz\u00f3nica, que desempe\u00f1a un papel crucial en la regulaci\u00f3n del clima mundial, seg\u00fan un informe publicado el mi\u00e9rcoles por Reporter Brasil, un grupo de investigaci\u00f3n independiente centrado en temas ambientales y laborales. Leer m\u00e1s<\/p>\n","protected":false},"author":0,"featured_media":0,"comment_status":"","ping_status":"","sticky":false,"template":"","format":"standard","meta":{"footnotes":""},"categories":[1],"tags":[],"class_list":["post-11621","post","type-post","status-publish","format-standard","hentry","category-sin-categoria"],"_links":{"self":[{"href":"http:\/\/fmdelpueblo.ar\/index.php?rest_route=\/wp\/v2\/posts\/11621","targetHints":{"allow":["GET"]}}],"collection":[{"href":"http:\/\/fmdelpueblo.ar\/index.php?rest_route=\/wp\/v2\/posts"}],"about":[{"href":"http:\/\/fmdelpueblo.ar\/index.php?rest_route=\/wp\/v2\/types\/post"}],"replies":[{"embeddable":true,"href":"http:\/\/fmdelpueblo.ar\/index.php?rest_route=%2Fwp%2Fv2%2Fcomments&post=11621"}],"version-history":[{"count":0,"href":"http:\/\/fmdelpueblo.ar\/index.php?rest_route=\/wp\/v2\/posts\/11621\/revisions"}],"wp:attachment":[{"href":"http:\/\/fmdelpueblo.ar\/index.php?rest_route=%2Fwp%2Fv2%2Fmedia&parent=11621"}],"wp:term":[{"taxonomy":"category","embeddable":true,"href":"http:\/\/fmdelpueblo.ar\/index.php?rest_route=%2Fwp%2Fv2%2Fcategories&post=11621"},{"taxonomy":"post_tag","embeddable":true,"href":"http:\/\/fmdelpueblo.ar\/index.php?rest_route=%2Fwp%2Fv2%2Ftags&post=11621"}],"curies":[{"name":"wp","href":"https:\/\/api.w.org\/{rel}","templated":true}]}}