{"id":11620,"date":"2022-03-31T00:09:22","date_gmt":"2022-03-31T00:09:22","guid":{"rendered":"http:\/\/fmdelpueblo.ar\/?p=11620"},"modified":"2022-03-31T00:09:22","modified_gmt":"2022-03-31T00:09:22","slug":"la-fotografa-celine-frers-fue-distinguida-personalidad-destacada-de-la-cultura","status":"publish","type":"post","link":"http:\/\/fmdelpueblo.ar\/?p=11620","title":{"rendered":"La fot\u00f3grafa C\u00e9line Frers fue distinguida \u00abPersonalidad Destacada de la Cultura\u00bb"},"content":{"rendered":"<\/p>\n<p>A punto de cumplir 40 a\u00f1os, con una intensa carrera y un extenso recorrido por el pa\u00eds, la fot\u00f3grafa intimista de los vastos paisajes argentinos recibi\u00f3 un diploma que destaca su manera de retratar la diversa riqueza cultural de nuestra tierra. <a href=\"https:\/\/www.perfil.com\/noticias\/actualidad\/la-fotografa-celine-frers-fue-distinguida-personalidad-destacada-de-la-cultura.phtml\">Leer m\u00e1s<\/a><\/p>\n","protected":false},"excerpt":{"rendered":"<p>A punto de cumplir 40 a\u00f1os, con una intensa carrera y un extenso recorrido por el pa\u00eds, la fot\u00f3grafa intimista de los vastos paisajes argentinos recibi\u00f3 un diploma que destaca su manera de retratar la diversa riqueza cultural de nuestra tierra. Leer m\u00e1s<\/p>\n","protected":false},"author":0,"featured_media":0,"comment_status":"","ping_status":"","sticky":false,"template":"","format":"standard","meta":{"footnotes":""},"categories":[1],"tags":[],"class_list":["post-11620","post","type-post","status-publish","format-standard","hentry","category-sin-categoria"],"_links":{"self":[{"href":"http:\/\/fmdelpueblo.ar\/index.php?rest_route=\/wp\/v2\/posts\/11620","targetHints":{"allow":["GET"]}}],"collection":[{"href":"http:\/\/fmdelpueblo.ar\/index.php?rest_route=\/wp\/v2\/posts"}],"about":[{"href":"http:\/\/fmdelpueblo.ar\/index.php?rest_route=\/wp\/v2\/types\/post"}],"replies":[{"embeddable":true,"href":"http:\/\/fmdelpueblo.ar\/index.php?rest_route=%2Fwp%2Fv2%2Fcomments&post=11620"}],"version-history":[{"count":0,"href":"http:\/\/fmdelpueblo.ar\/index.php?rest_route=\/wp\/v2\/posts\/11620\/revisions"}],"wp:attachment":[{"href":"http:\/\/fmdelpueblo.ar\/index.php?rest_route=%2Fwp%2Fv2%2Fmedia&parent=11620"}],"wp:term":[{"taxonomy":"category","embeddable":true,"href":"http:\/\/fmdelpueblo.ar\/index.php?rest_route=%2Fwp%2Fv2%2Fcategories&post=11620"},{"taxonomy":"post_tag","embeddable":true,"href":"http:\/\/fmdelpueblo.ar\/index.php?rest_route=%2Fwp%2Fv2%2Ftags&post=11620"}],"curies":[{"name":"wp","href":"https:\/\/api.w.org\/{rel}","templated":true}]}}