{"id":11619,"date":"2022-03-31T00:09:22","date_gmt":"2022-03-31T00:09:22","guid":{"rendered":"http:\/\/fmdelpueblo.ar\/?p=11619"},"modified":"2022-03-31T00:09:22","modified_gmt":"2022-03-31T00:09:22","slug":"el-fdt-propone-cambiar-el-nombre-de-la-avenida-rivadavia-por-malvinas-argentinas","status":"publish","type":"post","link":"http:\/\/fmdelpueblo.ar\/?p=11619","title":{"rendered":"El FdT propone cambiar el nombre de la Avenida Rivadavia por \u00abMalvinas Argentinas\u00bb"},"content":{"rendered":"<\/p>\n<p>El bloque oficialista en la Ciudad dijo que \u00abno es la intenci\u00f3n de esta iniciativa hacer un revisionismo hist\u00f3rico, sino reconocer la envergadura que tiene el reclamo inclaudicable de soberan\u00eda\u00bb sobre las islas. <a href=\"https:\/\/www.perfil.com\/noticias\/politica\/fdt-propone-cambiar-nombre-avenida-rivadavia-avenida-malvinas-argentinas.phtml\">Leer m\u00e1s<\/a><\/p>\n","protected":false},"excerpt":{"rendered":"<p>El bloque oficialista en la Ciudad dijo que \u00abno es la intenci\u00f3n de esta iniciativa hacer un revisionismo hist\u00f3rico, sino reconocer la envergadura que tiene el reclamo inclaudicable de soberan\u00eda\u00bb sobre las islas. Leer m\u00e1s<\/p>\n","protected":false},"author":0,"featured_media":0,"comment_status":"","ping_status":"","sticky":false,"template":"","format":"standard","meta":{"footnotes":""},"categories":[1],"tags":[],"class_list":["post-11619","post","type-post","status-publish","format-standard","hentry","category-sin-categoria"],"_links":{"self":[{"href":"http:\/\/fmdelpueblo.ar\/index.php?rest_route=\/wp\/v2\/posts\/11619","targetHints":{"allow":["GET"]}}],"collection":[{"href":"http:\/\/fmdelpueblo.ar\/index.php?rest_route=\/wp\/v2\/posts"}],"about":[{"href":"http:\/\/fmdelpueblo.ar\/index.php?rest_route=\/wp\/v2\/types\/post"}],"replies":[{"embeddable":true,"href":"http:\/\/fmdelpueblo.ar\/index.php?rest_route=%2Fwp%2Fv2%2Fcomments&post=11619"}],"version-history":[{"count":0,"href":"http:\/\/fmdelpueblo.ar\/index.php?rest_route=\/wp\/v2\/posts\/11619\/revisions"}],"wp:attachment":[{"href":"http:\/\/fmdelpueblo.ar\/index.php?rest_route=%2Fwp%2Fv2%2Fmedia&parent=11619"}],"wp:term":[{"taxonomy":"category","embeddable":true,"href":"http:\/\/fmdelpueblo.ar\/index.php?rest_route=%2Fwp%2Fv2%2Fcategories&post=11619"},{"taxonomy":"post_tag","embeddable":true,"href":"http:\/\/fmdelpueblo.ar\/index.php?rest_route=%2Fwp%2Fv2%2Ftags&post=11619"}],"curies":[{"name":"wp","href":"https:\/\/api.w.org\/{rel}","templated":true}]}}