{"id":11616,"date":"2022-03-30T23:09:43","date_gmt":"2022-03-30T23:09:43","guid":{"rendered":"https:\/\/fmdelpueblo.ar\/?p=11616"},"modified":"2022-03-30T23:09:43","modified_gmt":"2022-03-30T23:09:43","slug":"mas-de-la-mitad-de-los-ninos-argentinos-son-pobres-con-serias-consecuencias-para-su-futuro","status":"publish","type":"post","link":"http:\/\/fmdelpueblo.ar\/?p=11616","title":{"rendered":"M\u00e1s de la mitad de los ni\u00f1os argentinos son pobres, con serias consecuencias para su futuro"},"content":{"rendered":"<\/p>\n<p>Seg\u00fan el \u00faltimo informe del INDEC, 5,5 millones de menores de 14 a\u00f1os que no cubren sus necesidades b\u00e1sicas. Especialistas de la salud ofrecen su mirada sobre los problemas que atrae la pobreza en los ni\u00f1os. <a href=\"https:\/\/www.perfil.com\/noticias\/economia\/mas-de-la-mitad-de-los-ninos-son-pobres-y-conlleva-consecuencias.phtml\">Leer m\u00e1s<\/a><\/p>\n","protected":false},"excerpt":{"rendered":"<p>Seg\u00fan el \u00faltimo informe del INDEC, 5,5 millones de menores de 14 a\u00f1os que no cubren sus necesidades b\u00e1sicas. Especialistas de la salud ofrecen su mirada sobre los problemas que atrae la pobreza en los ni\u00f1os. Leer m\u00e1s<\/p>\n","protected":false},"author":0,"featured_media":0,"comment_status":"","ping_status":"","sticky":false,"template":"","format":"standard","meta":{"footnotes":""},"categories":[1],"tags":[],"class_list":["post-11616","post","type-post","status-publish","format-standard","hentry","category-sin-categoria"],"_links":{"self":[{"href":"http:\/\/fmdelpueblo.ar\/index.php?rest_route=\/wp\/v2\/posts\/11616","targetHints":{"allow":["GET"]}}],"collection":[{"href":"http:\/\/fmdelpueblo.ar\/index.php?rest_route=\/wp\/v2\/posts"}],"about":[{"href":"http:\/\/fmdelpueblo.ar\/index.php?rest_route=\/wp\/v2\/types\/post"}],"replies":[{"embeddable":true,"href":"http:\/\/fmdelpueblo.ar\/index.php?rest_route=%2Fwp%2Fv2%2Fcomments&post=11616"}],"version-history":[{"count":0,"href":"http:\/\/fmdelpueblo.ar\/index.php?rest_route=\/wp\/v2\/posts\/11616\/revisions"}],"wp:attachment":[{"href":"http:\/\/fmdelpueblo.ar\/index.php?rest_route=%2Fwp%2Fv2%2Fmedia&parent=11616"}],"wp:term":[{"taxonomy":"category","embeddable":true,"href":"http:\/\/fmdelpueblo.ar\/index.php?rest_route=%2Fwp%2Fv2%2Fcategories&post=11616"},{"taxonomy":"post_tag","embeddable":true,"href":"http:\/\/fmdelpueblo.ar\/index.php?rest_route=%2Fwp%2Fv2%2Ftags&post=11616"}],"curies":[{"name":"wp","href":"https:\/\/api.w.org\/{rel}","templated":true}]}}