{"id":11614,"date":"2022-03-30T22:08:55","date_gmt":"2022-03-30T22:08:55","guid":{"rendered":"http:\/\/fmdelpueblo.ar\/?p=11614"},"modified":"2022-03-30T22:08:55","modified_gmt":"2022-03-30T22:08:55","slug":"semana-santa-los-destinos-turisticos-que-prefieren-los-argentinos","status":"publish","type":"post","link":"http:\/\/fmdelpueblo.ar\/?p=11614","title":{"rendered":"Semana Santa: los destinos tur\u00edsticos que prefieren los argentinos"},"content":{"rendered":"<\/p>\n<p>El fin de semana del 14 al 17 de abril va camino a superar los n\u00fameros que dej\u00f3 2021, que fueron de 1,9 millones de turistas en todo el pa\u00eds.<br \/>\n <a href=\"https:\/\/www.perfil.com\/noticias\/economia\/cuales-son-los-destinos-turisticos-que-prefieren-los-argentinos-para-semana-santa.phtml\">Leer m\u00e1s<\/a><\/p>\n","protected":false},"excerpt":{"rendered":"<p>El fin de semana del 14 al 17 de abril va camino a superar los n\u00fameros que dej\u00f3 2021, que fueron de 1,9 millones de turistas en todo el pa\u00eds. Leer m\u00e1s<\/p>\n","protected":false},"author":0,"featured_media":0,"comment_status":"","ping_status":"","sticky":false,"template":"","format":"standard","meta":{"footnotes":""},"categories":[1],"tags":[],"class_list":["post-11614","post","type-post","status-publish","format-standard","hentry","category-sin-categoria"],"_links":{"self":[{"href":"http:\/\/fmdelpueblo.ar\/index.php?rest_route=\/wp\/v2\/posts\/11614","targetHints":{"allow":["GET"]}}],"collection":[{"href":"http:\/\/fmdelpueblo.ar\/index.php?rest_route=\/wp\/v2\/posts"}],"about":[{"href":"http:\/\/fmdelpueblo.ar\/index.php?rest_route=\/wp\/v2\/types\/post"}],"replies":[{"embeddable":true,"href":"http:\/\/fmdelpueblo.ar\/index.php?rest_route=%2Fwp%2Fv2%2Fcomments&post=11614"}],"version-history":[{"count":0,"href":"http:\/\/fmdelpueblo.ar\/index.php?rest_route=\/wp\/v2\/posts\/11614\/revisions"}],"wp:attachment":[{"href":"http:\/\/fmdelpueblo.ar\/index.php?rest_route=%2Fwp%2Fv2%2Fmedia&parent=11614"}],"wp:term":[{"taxonomy":"category","embeddable":true,"href":"http:\/\/fmdelpueblo.ar\/index.php?rest_route=%2Fwp%2Fv2%2Fcategories&post=11614"},{"taxonomy":"post_tag","embeddable":true,"href":"http:\/\/fmdelpueblo.ar\/index.php?rest_route=%2Fwp%2Fv2%2Ftags&post=11614"}],"curies":[{"name":"wp","href":"https:\/\/api.w.org\/{rel}","templated":true}]}}