{"id":11613,"date":"2022-03-30T22:08:55","date_gmt":"2022-03-30T22:08:55","guid":{"rendered":"http:\/\/fmdelpueblo.ar\/?p=11613"},"modified":"2022-03-30T22:08:55","modified_gmt":"2022-03-30T22:08:55","slug":"estados-unidos-dice-que-putin-esta-mal-informado-por-sus-asesores-y-enganado-por-el-ejercito-ruso","status":"publish","type":"post","link":"http:\/\/fmdelpueblo.ar\/?p=11613","title":{"rendered":"Estados Unidos dice que Putin est\u00e1 \u00abmal informado\u00bb por sus asesores y \u00abenga\u00f1ado por el Ej\u00e9rcito ruso\u00bb"},"content":{"rendered":"<\/p>\n<p>El presidente ruso ha sido mal informado por sus asesores sobre el desempe\u00f1o de su Ej\u00e9rcito en Ucrania y sobre el efecto de las sanciones en la econom\u00eda de su pa\u00eds, dijo una portavoz de la Casa Blanca, citando inteligencia estadounidense no especificada. <a href=\"https:\/\/www.perfil.com\/noticias\/bloomberg\/bc-putin-esta-mal-informado-sobre-guerra-de-ucrania-casa-blanca.phtml\">Leer m\u00e1s<\/a><\/p>\n","protected":false},"excerpt":{"rendered":"<p>El presidente ruso ha sido mal informado por sus asesores sobre el desempe\u00f1o de su Ej\u00e9rcito en Ucrania y sobre el efecto de las sanciones en la econom\u00eda de su pa\u00eds, dijo una portavoz de la Casa Blanca, citando inteligencia estadounidense no especificada. Leer m\u00e1s<\/p>\n","protected":false},"author":0,"featured_media":0,"comment_status":"","ping_status":"","sticky":false,"template":"","format":"standard","meta":{"footnotes":""},"categories":[1],"tags":[],"class_list":["post-11613","post","type-post","status-publish","format-standard","hentry","category-sin-categoria"],"_links":{"self":[{"href":"http:\/\/fmdelpueblo.ar\/index.php?rest_route=\/wp\/v2\/posts\/11613","targetHints":{"allow":["GET"]}}],"collection":[{"href":"http:\/\/fmdelpueblo.ar\/index.php?rest_route=\/wp\/v2\/posts"}],"about":[{"href":"http:\/\/fmdelpueblo.ar\/index.php?rest_route=\/wp\/v2\/types\/post"}],"replies":[{"embeddable":true,"href":"http:\/\/fmdelpueblo.ar\/index.php?rest_route=%2Fwp%2Fv2%2Fcomments&post=11613"}],"version-history":[{"count":0,"href":"http:\/\/fmdelpueblo.ar\/index.php?rest_route=\/wp\/v2\/posts\/11613\/revisions"}],"wp:attachment":[{"href":"http:\/\/fmdelpueblo.ar\/index.php?rest_route=%2Fwp%2Fv2%2Fmedia&parent=11613"}],"wp:term":[{"taxonomy":"category","embeddable":true,"href":"http:\/\/fmdelpueblo.ar\/index.php?rest_route=%2Fwp%2Fv2%2Fcategories&post=11613"},{"taxonomy":"post_tag","embeddable":true,"href":"http:\/\/fmdelpueblo.ar\/index.php?rest_route=%2Fwp%2Fv2%2Ftags&post=11613"}],"curies":[{"name":"wp","href":"https:\/\/api.w.org\/{rel}","templated":true}]}}