{"id":11612,"date":"2022-03-30T22:08:55","date_gmt":"2022-03-30T22:08:55","guid":{"rendered":"http:\/\/fmdelpueblo.ar\/?p=11612"},"modified":"2022-03-30T22:08:55","modified_gmt":"2022-03-30T22:08:55","slug":"a-40-anos-de-la-guerra-de-malvinas-familiares-de-los-caidos-realizaron-una-colecta-para-financiar-la-misa-en-homenaje","status":"publish","type":"post","link":"http:\/\/fmdelpueblo.ar\/?p=11612","title":{"rendered":"A 40 a\u00f1os de la Guerra de Malvinas, familiares de los ca\u00eddos realizaron una colecta para financiar la misa en homenaje"},"content":{"rendered":"<\/p>\n<p>La presidente de la Comisi\u00f3n de Familiares Ca\u00eddos en Malvinas, Mar\u00eda Fernanda Araujo, indic\u00f3 a PERFIL que las necesidades de la organizaci\u00f3n van m\u00e1s all\u00e1 de la misa en homenaje.  <a href=\"https:\/\/www.perfil.com\/noticias\/sociedad\/a-40-anos-de-la-guerra-de-malvinas-familiares-de-los-caidos-realizaron-una-colecta-para-financiar-la-misa-en-homenaje.phtml\">Leer m\u00e1s<\/a><\/p>\n","protected":false},"excerpt":{"rendered":"<p>La presidente de la Comisi\u00f3n de Familiares Ca\u00eddos en Malvinas, Mar\u00eda Fernanda Araujo, indic\u00f3 a PERFIL que las necesidades de la organizaci\u00f3n van m\u00e1s all\u00e1 de la misa en homenaje. Leer m\u00e1s<\/p>\n","protected":false},"author":0,"featured_media":0,"comment_status":"","ping_status":"","sticky":false,"template":"","format":"standard","meta":{"footnotes":""},"categories":[1],"tags":[],"class_list":["post-11612","post","type-post","status-publish","format-standard","hentry","category-sin-categoria"],"_links":{"self":[{"href":"http:\/\/fmdelpueblo.ar\/index.php?rest_route=\/wp\/v2\/posts\/11612","targetHints":{"allow":["GET"]}}],"collection":[{"href":"http:\/\/fmdelpueblo.ar\/index.php?rest_route=\/wp\/v2\/posts"}],"about":[{"href":"http:\/\/fmdelpueblo.ar\/index.php?rest_route=\/wp\/v2\/types\/post"}],"replies":[{"embeddable":true,"href":"http:\/\/fmdelpueblo.ar\/index.php?rest_route=%2Fwp%2Fv2%2Fcomments&post=11612"}],"version-history":[{"count":0,"href":"http:\/\/fmdelpueblo.ar\/index.php?rest_route=\/wp\/v2\/posts\/11612\/revisions"}],"wp:attachment":[{"href":"http:\/\/fmdelpueblo.ar\/index.php?rest_route=%2Fwp%2Fv2%2Fmedia&parent=11612"}],"wp:term":[{"taxonomy":"category","embeddable":true,"href":"http:\/\/fmdelpueblo.ar\/index.php?rest_route=%2Fwp%2Fv2%2Fcategories&post=11612"},{"taxonomy":"post_tag","embeddable":true,"href":"http:\/\/fmdelpueblo.ar\/index.php?rest_route=%2Fwp%2Fv2%2Ftags&post=11612"}],"curies":[{"name":"wp","href":"https:\/\/api.w.org\/{rel}","templated":true}]}}