{"id":11607,"date":"2022-03-30T21:09:06","date_gmt":"2022-03-30T21:09:06","guid":{"rendered":"https:\/\/fmdelpueblo.ar\/?p=11607"},"modified":"2022-03-30T21:09:06","modified_gmt":"2022-03-30T21:09:06","slug":"la-policia-de-mexico-atropello-a-dos-argentinos-en-cozumel-y-uno-esta-en-grave-estado","status":"publish","type":"post","link":"http:\/\/fmdelpueblo.ar\/?p=11607","title":{"rendered":"La polic\u00eda de M\u00e9xico atropell\u00f3 a dos argentinos en Cozumel y uno est\u00e1 en grave estado"},"content":{"rendered":"<\/p>\n<p>Dos j\u00f3venes argentinos fueron atropellados en M\u00e9xico por un m\u00f3vil policial cuando iban en una moto y ambos permanecen internados\u00a0en dos hospitales de la isla de Cozumel.<br \/>\n <a href=\"https:\/\/www.perfil.com\/noticias\/sociedad\/policia-mexico-atropello-dos-argentinos-cozumel-uno-esta-grave-estado.phtml\">Leer m\u00e1s<\/a><\/p>\n","protected":false},"excerpt":{"rendered":"<p>Dos j\u00f3venes argentinos fueron atropellados en M\u00e9xico por un m\u00f3vil policial cuando iban en una moto y ambos permanecen internados\u00a0en dos hospitales de la isla de Cozumel. Leer m\u00e1s<\/p>\n","protected":false},"author":0,"featured_media":0,"comment_status":"","ping_status":"","sticky":false,"template":"","format":"standard","meta":{"footnotes":""},"categories":[1],"tags":[],"class_list":["post-11607","post","type-post","status-publish","format-standard","hentry","category-sin-categoria"],"_links":{"self":[{"href":"http:\/\/fmdelpueblo.ar\/index.php?rest_route=\/wp\/v2\/posts\/11607","targetHints":{"allow":["GET"]}}],"collection":[{"href":"http:\/\/fmdelpueblo.ar\/index.php?rest_route=\/wp\/v2\/posts"}],"about":[{"href":"http:\/\/fmdelpueblo.ar\/index.php?rest_route=\/wp\/v2\/types\/post"}],"replies":[{"embeddable":true,"href":"http:\/\/fmdelpueblo.ar\/index.php?rest_route=%2Fwp%2Fv2%2Fcomments&post=11607"}],"version-history":[{"count":0,"href":"http:\/\/fmdelpueblo.ar\/index.php?rest_route=\/wp\/v2\/posts\/11607\/revisions"}],"wp:attachment":[{"href":"http:\/\/fmdelpueblo.ar\/index.php?rest_route=%2Fwp%2Fv2%2Fmedia&parent=11607"}],"wp:term":[{"taxonomy":"category","embeddable":true,"href":"http:\/\/fmdelpueblo.ar\/index.php?rest_route=%2Fwp%2Fv2%2Fcategories&post=11607"},{"taxonomy":"post_tag","embeddable":true,"href":"http:\/\/fmdelpueblo.ar\/index.php?rest_route=%2Fwp%2Fv2%2Ftags&post=11607"}],"curies":[{"name":"wp","href":"https:\/\/api.w.org\/{rel}","templated":true}]}}