{"id":11570,"date":"2022-03-30T15:14:41","date_gmt":"2022-03-30T15:14:41","guid":{"rendered":"https:\/\/fmdelpueblo.ar\/?p=11570"},"modified":"2022-03-30T15:14:41","modified_gmt":"2022-03-30T15:14:41","slug":"causa-gestapo-con-provocaciones-al-juez-el-ex-espia-de-stefano-se-presento-en-la-justicia","status":"publish","type":"post","link":"http:\/\/fmdelpueblo.ar\/?p=11570","title":{"rendered":"Causa \u00abGestapo\u00bb: con provocaciones al juez, el ex esp\u00eda De St\u00e9fano se present\u00f3 en la Justicia"},"content":{"rendered":"<\/p>\n<p>El ex director de Asuntos Jur\u00eddicos y actual directivo de Subterr\u00e1neos de Buenos Aires neg\u00f3 el supuesto armado de causas contra el \u00abPata\u00bb Medina. Insisti\u00f3 con el pase a Comodoro Py. <a href=\"https:\/\/www.perfil.com\/noticias\/politica\/causa-gestapo-con-provocaciones-al-juez-el-ex-espia-de-stefano-se-presento-en-la-justicia.phtml\">Leer m\u00e1s<\/a><\/p>\n","protected":false},"excerpt":{"rendered":"<p>El ex director de Asuntos Jur\u00eddicos y actual directivo de Subterr\u00e1neos de Buenos Aires neg\u00f3 el supuesto armado de causas contra el \u00abPata\u00bb Medina. Insisti\u00f3 con el pase a Comodoro Py. Leer m\u00e1s<\/p>\n","protected":false},"author":0,"featured_media":0,"comment_status":"","ping_status":"","sticky":false,"template":"","format":"standard","meta":{"footnotes":""},"categories":[1],"tags":[],"class_list":["post-11570","post","type-post","status-publish","format-standard","hentry","category-sin-categoria"],"_links":{"self":[{"href":"http:\/\/fmdelpueblo.ar\/index.php?rest_route=\/wp\/v2\/posts\/11570","targetHints":{"allow":["GET"]}}],"collection":[{"href":"http:\/\/fmdelpueblo.ar\/index.php?rest_route=\/wp\/v2\/posts"}],"about":[{"href":"http:\/\/fmdelpueblo.ar\/index.php?rest_route=\/wp\/v2\/types\/post"}],"replies":[{"embeddable":true,"href":"http:\/\/fmdelpueblo.ar\/index.php?rest_route=%2Fwp%2Fv2%2Fcomments&post=11570"}],"version-history":[{"count":0,"href":"http:\/\/fmdelpueblo.ar\/index.php?rest_route=\/wp\/v2\/posts\/11570\/revisions"}],"wp:attachment":[{"href":"http:\/\/fmdelpueblo.ar\/index.php?rest_route=%2Fwp%2Fv2%2Fmedia&parent=11570"}],"wp:term":[{"taxonomy":"category","embeddable":true,"href":"http:\/\/fmdelpueblo.ar\/index.php?rest_route=%2Fwp%2Fv2%2Fcategories&post=11570"},{"taxonomy":"post_tag","embeddable":true,"href":"http:\/\/fmdelpueblo.ar\/index.php?rest_route=%2Fwp%2Fv2%2Ftags&post=11570"}],"curies":[{"name":"wp","href":"https:\/\/api.w.org\/{rel}","templated":true}]}}