{"id":11569,"date":"2022-03-30T15:14:40","date_gmt":"2022-03-30T15:14:40","guid":{"rendered":"https:\/\/fmdelpueblo.ar\/?p=11569"},"modified":"2022-03-30T15:14:40","modified_gmt":"2022-03-30T15:14:40","slug":"apoyo-alimentario-de-los-1000-dias-de-anses-en-que-consiste-el-programa-y-a-quienes-alcanza","status":"publish","type":"post","link":"http:\/\/fmdelpueblo.ar\/?p=11569","title":{"rendered":"Apoyo alimentario de los 1000 d\u00edas de ANSES: en qu\u00e9 consiste el programa y a qui\u00e9nes alcanza"},"content":{"rendered":"<\/p>\n<p>Busca acompa\u00f1ar el crecimiento y desarrollo saludable de las futuras mam\u00e1s y sus hijas e hijos hasta los 3 a\u00f1os. Es un apoyo alimentario que busca garantizar la provisi\u00f3n de leche y otros alimentos. <a href=\"https:\/\/www.perfil.com\/noticias\/economia\/apoyo-alimentario-de-los-1000-dias-de-anses-en-que-consiste-el-programa-y-como-solicitarlo.phtml\">Leer m\u00e1s<\/a><\/p>\n","protected":false},"excerpt":{"rendered":"<p>Busca acompa\u00f1ar el crecimiento y desarrollo saludable de las futuras mam\u00e1s y sus hijas e hijos hasta los 3 a\u00f1os. Es un apoyo alimentario que busca garantizar la provisi\u00f3n de leche y otros alimentos. Leer m\u00e1s<\/p>\n","protected":false},"author":0,"featured_media":0,"comment_status":"","ping_status":"","sticky":false,"template":"","format":"standard","meta":{"footnotes":""},"categories":[1],"tags":[],"class_list":["post-11569","post","type-post","status-publish","format-standard","hentry","category-sin-categoria"],"_links":{"self":[{"href":"http:\/\/fmdelpueblo.ar\/index.php?rest_route=\/wp\/v2\/posts\/11569","targetHints":{"allow":["GET"]}}],"collection":[{"href":"http:\/\/fmdelpueblo.ar\/index.php?rest_route=\/wp\/v2\/posts"}],"about":[{"href":"http:\/\/fmdelpueblo.ar\/index.php?rest_route=\/wp\/v2\/types\/post"}],"replies":[{"embeddable":true,"href":"http:\/\/fmdelpueblo.ar\/index.php?rest_route=%2Fwp%2Fv2%2Fcomments&post=11569"}],"version-history":[{"count":0,"href":"http:\/\/fmdelpueblo.ar\/index.php?rest_route=\/wp\/v2\/posts\/11569\/revisions"}],"wp:attachment":[{"href":"http:\/\/fmdelpueblo.ar\/index.php?rest_route=%2Fwp%2Fv2%2Fmedia&parent=11569"}],"wp:term":[{"taxonomy":"category","embeddable":true,"href":"http:\/\/fmdelpueblo.ar\/index.php?rest_route=%2Fwp%2Fv2%2Fcategories&post=11569"},{"taxonomy":"post_tag","embeddable":true,"href":"http:\/\/fmdelpueblo.ar\/index.php?rest_route=%2Fwp%2Fv2%2Ftags&post=11569"}],"curies":[{"name":"wp","href":"https:\/\/api.w.org\/{rel}","templated":true}]}}