{"id":11568,"date":"2022-03-30T15:14:40","date_gmt":"2022-03-30T15:14:40","guid":{"rendered":"https:\/\/fmdelpueblo.ar\/?p=11568"},"modified":"2022-03-30T15:14:40","modified_gmt":"2022-03-30T15:14:40","slug":"carlos-melconian-es-un-honor-que-patricia-bullrich-piense-en-mi-como-ministro-de-economia","status":"publish","type":"post","link":"http:\/\/fmdelpueblo.ar\/?p=11568","title":{"rendered":"Carlos Melconian: \u00abEs un honor que Patricia Bullrich piense en m\u00ed como ministro de Econom\u00eda\u00bb"},"content":{"rendered":"<\/p>\n<p>El economista explic\u00f3 el proyecto que present\u00f3 en la Fundaci\u00f3n Mediterr\u00e1nea para el pr\u00f3ximo presidente de la Argentina. Escuch\u00e1 la entrevista completa. <a href=\"https:\/\/www.perfil.com\/noticias\/politica\/carlos-melconian-es-un-honor-que-patricia-bullrich-piense-en-mi-como-ministro-de-economia-modof.phtml\">Leer m\u00e1s<\/a><\/p>\n","protected":false},"excerpt":{"rendered":"<p>El economista explic\u00f3 el proyecto que present\u00f3 en la Fundaci\u00f3n Mediterr\u00e1nea para el pr\u00f3ximo presidente de la Argentina. Escuch\u00e1 la entrevista completa. Leer m\u00e1s<\/p>\n","protected":false},"author":0,"featured_media":0,"comment_status":"","ping_status":"","sticky":false,"template":"","format":"standard","meta":{"footnotes":""},"categories":[1],"tags":[],"class_list":["post-11568","post","type-post","status-publish","format-standard","hentry","category-sin-categoria"],"_links":{"self":[{"href":"http:\/\/fmdelpueblo.ar\/index.php?rest_route=\/wp\/v2\/posts\/11568","targetHints":{"allow":["GET"]}}],"collection":[{"href":"http:\/\/fmdelpueblo.ar\/index.php?rest_route=\/wp\/v2\/posts"}],"about":[{"href":"http:\/\/fmdelpueblo.ar\/index.php?rest_route=\/wp\/v2\/types\/post"}],"replies":[{"embeddable":true,"href":"http:\/\/fmdelpueblo.ar\/index.php?rest_route=%2Fwp%2Fv2%2Fcomments&post=11568"}],"version-history":[{"count":0,"href":"http:\/\/fmdelpueblo.ar\/index.php?rest_route=\/wp\/v2\/posts\/11568\/revisions"}],"wp:attachment":[{"href":"http:\/\/fmdelpueblo.ar\/index.php?rest_route=%2Fwp%2Fv2%2Fmedia&parent=11568"}],"wp:term":[{"taxonomy":"category","embeddable":true,"href":"http:\/\/fmdelpueblo.ar\/index.php?rest_route=%2Fwp%2Fv2%2Fcategories&post=11568"},{"taxonomy":"post_tag","embeddable":true,"href":"http:\/\/fmdelpueblo.ar\/index.php?rest_route=%2Fwp%2Fv2%2Ftags&post=11568"}],"curies":[{"name":"wp","href":"https:\/\/api.w.org\/{rel}","templated":true}]}}