{"id":11567,"date":"2022-03-30T13:29:50","date_gmt":"2022-03-30T13:29:50","guid":{"rendered":"https:\/\/fmdelpueblo.ar\/?p=11567"},"modified":"2022-03-30T13:29:50","modified_gmt":"2022-03-30T13:29:50","slug":"guillermo-moreno-alberto-fernandez-es-un-inepto-cristina-lo-sabe-y-es-la-responsable","status":"publish","type":"post","link":"http:\/\/fmdelpueblo.ar\/?p=11567","title":{"rendered":"Guillermo Moreno: \u00abAlberto Fern\u00e1ndez es un inepto, Cristina lo sabe y es la responsable\u00bb."},"content":{"rendered":"<\/p>\n<p>El exsecretario de Comercio Interior afirm\u00f3 que el Presidente \u00abno est\u00e1 a la altura de las circunstancias y tiene que renunciar\u00bb. Propone que Cristina Kirchner tambi\u00e9n d\u00e9 un paso al costado y que entre en vigencia la Ley de Acefal\u00eda. <a href=\"https:\/\/www.perfil.com\/noticias\/politica\/guillermo-moreno-alberto-fernandez-es-un-inepto-cristina-lo-sabe-y-es-la-responsable-modof.phtml\">Leer m\u00e1s<\/a><\/p>\n","protected":false},"excerpt":{"rendered":"<p>El exsecretario de Comercio Interior afirm\u00f3 que el Presidente \u00abno est\u00e1 a la altura de las circunstancias y tiene que renunciar\u00bb. Propone que Cristina Kirchner tambi\u00e9n d\u00e9 un paso al costado y que entre en vigencia la Ley de Acefal\u00eda. Leer m\u00e1s<\/p>\n","protected":false},"author":0,"featured_media":0,"comment_status":"","ping_status":"","sticky":false,"template":"","format":"standard","meta":{"footnotes":""},"categories":[1],"tags":[],"class_list":["post-11567","post","type-post","status-publish","format-standard","hentry","category-sin-categoria"],"_links":{"self":[{"href":"http:\/\/fmdelpueblo.ar\/index.php?rest_route=\/wp\/v2\/posts\/11567","targetHints":{"allow":["GET"]}}],"collection":[{"href":"http:\/\/fmdelpueblo.ar\/index.php?rest_route=\/wp\/v2\/posts"}],"about":[{"href":"http:\/\/fmdelpueblo.ar\/index.php?rest_route=\/wp\/v2\/types\/post"}],"replies":[{"embeddable":true,"href":"http:\/\/fmdelpueblo.ar\/index.php?rest_route=%2Fwp%2Fv2%2Fcomments&post=11567"}],"version-history":[{"count":0,"href":"http:\/\/fmdelpueblo.ar\/index.php?rest_route=\/wp\/v2\/posts\/11567\/revisions"}],"wp:attachment":[{"href":"http:\/\/fmdelpueblo.ar\/index.php?rest_route=%2Fwp%2Fv2%2Fmedia&parent=11567"}],"wp:term":[{"taxonomy":"category","embeddable":true,"href":"http:\/\/fmdelpueblo.ar\/index.php?rest_route=%2Fwp%2Fv2%2Fcategories&post=11567"},{"taxonomy":"post_tag","embeddable":true,"href":"http:\/\/fmdelpueblo.ar\/index.php?rest_route=%2Fwp%2Fv2%2Ftags&post=11567"}],"curies":[{"name":"wp","href":"https:\/\/api.w.org\/{rel}","templated":true}]}}