{"id":11565,"date":"2022-03-30T13:29:50","date_gmt":"2022-03-30T13:29:50","guid":{"rendered":"https:\/\/fmdelpueblo.ar\/?p=11565"},"modified":"2022-03-30T13:29:50","modified_gmt":"2022-03-30T13:29:50","slug":"derribaron-y-vandalizaron-una-estatua-de-cristina-kirchner-en-rio-gallegos-hay-un-detenido","status":"publish","type":"post","link":"http:\/\/fmdelpueblo.ar\/?p=11565","title":{"rendered":"Derribaron y vandalizaron una estatua de Cristina Kirchner en R\u00edo Gallegos: hay un detenido"},"content":{"rendered":"<\/p>\n<p>En el lugar se encuentran las estatuas de todos los presidentes desde 1983, que se hab\u00edan inaugurado hace diez d\u00edas. Es el tercer ataque contra la vice en marzo. <a href=\"https:\/\/www.perfil.com\/noticias\/actualidad\/derribaron-y-vandalizaron-una-estatua-de-cristina-kirchner-en-rio-gallegos.phtml\">Leer m\u00e1s<\/a><\/p>\n","protected":false},"excerpt":{"rendered":"<p>En el lugar se encuentran las estatuas de todos los presidentes desde 1983, que se hab\u00edan inaugurado hace diez d\u00edas. Es el tercer ataque contra la vice en marzo. Leer m\u00e1s<\/p>\n","protected":false},"author":0,"featured_media":0,"comment_status":"","ping_status":"","sticky":false,"template":"","format":"standard","meta":{"footnotes":""},"categories":[1],"tags":[],"class_list":["post-11565","post","type-post","status-publish","format-standard","hentry","category-sin-categoria"],"_links":{"self":[{"href":"http:\/\/fmdelpueblo.ar\/index.php?rest_route=\/wp\/v2\/posts\/11565","targetHints":{"allow":["GET"]}}],"collection":[{"href":"http:\/\/fmdelpueblo.ar\/index.php?rest_route=\/wp\/v2\/posts"}],"about":[{"href":"http:\/\/fmdelpueblo.ar\/index.php?rest_route=\/wp\/v2\/types\/post"}],"replies":[{"embeddable":true,"href":"http:\/\/fmdelpueblo.ar\/index.php?rest_route=%2Fwp%2Fv2%2Fcomments&post=11565"}],"version-history":[{"count":0,"href":"http:\/\/fmdelpueblo.ar\/index.php?rest_route=\/wp\/v2\/posts\/11565\/revisions"}],"wp:attachment":[{"href":"http:\/\/fmdelpueblo.ar\/index.php?rest_route=%2Fwp%2Fv2%2Fmedia&parent=11565"}],"wp:term":[{"taxonomy":"category","embeddable":true,"href":"http:\/\/fmdelpueblo.ar\/index.php?rest_route=%2Fwp%2Fv2%2Fcategories&post=11565"},{"taxonomy":"post_tag","embeddable":true,"href":"http:\/\/fmdelpueblo.ar\/index.php?rest_route=%2Fwp%2Fv2%2Ftags&post=11565"}],"curies":[{"name":"wp","href":"https:\/\/api.w.org\/{rel}","templated":true}]}}