{"id":11561,"date":"2022-03-30T12:11:27","date_gmt":"2022-03-30T12:11:27","guid":{"rendered":"https:\/\/fmdelpueblo.ar\/?p=11561"},"modified":"2022-03-30T12:11:27","modified_gmt":"2022-03-30T12:11:27","slug":"afiches-contra-cristina-kirchner-la-justicia-ubico-una-camioneta-y-se-investiga-a-la-imprenta","status":"publish","type":"post","link":"http:\/\/fmdelpueblo.ar\/?p=11561","title":{"rendered":"Afiches contra Cristina Kirchner: la justicia ubic\u00f3 una camioneta y se investiga a la imprenta"},"content":{"rendered":"<\/p>\n<p>Con tres pesquisas en curso, las c\u00e1maras de seguridad ubicaron a una de las dos camionetas que realizaron las pegatinas. Tambi\u00e9n se busca al sitio que imprimi\u00f3 las im\u00e1genes que llamaban \u00abasesina\u00bb a la Vicepresidenta. <a href=\"https:\/\/www.perfil.com\/noticias\/politica\/afiches-contra-cristina-kirchner-la-justicia-ubico-una-camioneta-y-se-investiga-a-la-imprenta.phtml\">Leer m\u00e1s<\/a><\/p>\n","protected":false},"excerpt":{"rendered":"<p>Con tres pesquisas en curso, las c\u00e1maras de seguridad ubicaron a una de las dos camionetas que realizaron las pegatinas. Tambi\u00e9n se busca al sitio que imprimi\u00f3 las im\u00e1genes que llamaban \u00abasesina\u00bb a la Vicepresidenta. Leer m\u00e1s<\/p>\n","protected":false},"author":0,"featured_media":0,"comment_status":"","ping_status":"","sticky":false,"template":"","format":"standard","meta":{"footnotes":""},"categories":[1],"tags":[],"class_list":["post-11561","post","type-post","status-publish","format-standard","hentry","category-sin-categoria"],"_links":{"self":[{"href":"http:\/\/fmdelpueblo.ar\/index.php?rest_route=\/wp\/v2\/posts\/11561","targetHints":{"allow":["GET"]}}],"collection":[{"href":"http:\/\/fmdelpueblo.ar\/index.php?rest_route=\/wp\/v2\/posts"}],"about":[{"href":"http:\/\/fmdelpueblo.ar\/index.php?rest_route=\/wp\/v2\/types\/post"}],"replies":[{"embeddable":true,"href":"http:\/\/fmdelpueblo.ar\/index.php?rest_route=%2Fwp%2Fv2%2Fcomments&post=11561"}],"version-history":[{"count":0,"href":"http:\/\/fmdelpueblo.ar\/index.php?rest_route=\/wp\/v2\/posts\/11561\/revisions"}],"wp:attachment":[{"href":"http:\/\/fmdelpueblo.ar\/index.php?rest_route=%2Fwp%2Fv2%2Fmedia&parent=11561"}],"wp:term":[{"taxonomy":"category","embeddable":true,"href":"http:\/\/fmdelpueblo.ar\/index.php?rest_route=%2Fwp%2Fv2%2Fcategories&post=11561"},{"taxonomy":"post_tag","embeddable":true,"href":"http:\/\/fmdelpueblo.ar\/index.php?rest_route=%2Fwp%2Fv2%2Ftags&post=11561"}],"curies":[{"name":"wp","href":"https:\/\/api.w.org\/{rel}","templated":true}]}}