{"id":11558,"date":"2022-03-30T11:10:57","date_gmt":"2022-03-30T11:10:57","guid":{"rendered":"https:\/\/fmdelpueblo.ar\/?p=11558"},"modified":"2022-03-30T11:10:57","modified_gmt":"2022-03-30T11:10:57","slug":"atravesar-el-desierto","status":"publish","type":"post","link":"http:\/\/fmdelpueblo.ar\/?p=11558","title":{"rendered":"Atravesar el desierto"},"content":{"rendered":"<\/p>\n<p>El desierto es una de las im\u00e1genes m\u00e1s potentes para indicar algunos aspectos de la condici\u00f3n humana, especialmente en lo que se refiere al sufrimiento, la escasez, la desolaci\u00f3n,\u00a0la muerte.  <a href=\"https:\/\/www.perfil.com\/noticias\/opinion\/eloy-mealla-atravesar-el-desierto.phtml\">Leer m\u00e1s<\/a><\/p>\n","protected":false},"excerpt":{"rendered":"<p>El desierto es una de las im\u00e1genes m\u00e1s potentes para indicar algunos aspectos de la condici\u00f3n humana, especialmente en lo que se refiere al sufrimiento, la escasez, la desolaci\u00f3n,\u00a0la muerte. Leer m\u00e1s<\/p>\n","protected":false},"author":0,"featured_media":0,"comment_status":"","ping_status":"","sticky":false,"template":"","format":"standard","meta":{"footnotes":""},"categories":[1],"tags":[],"class_list":["post-11558","post","type-post","status-publish","format-standard","hentry","category-sin-categoria"],"_links":{"self":[{"href":"http:\/\/fmdelpueblo.ar\/index.php?rest_route=\/wp\/v2\/posts\/11558","targetHints":{"allow":["GET"]}}],"collection":[{"href":"http:\/\/fmdelpueblo.ar\/index.php?rest_route=\/wp\/v2\/posts"}],"about":[{"href":"http:\/\/fmdelpueblo.ar\/index.php?rest_route=\/wp\/v2\/types\/post"}],"replies":[{"embeddable":true,"href":"http:\/\/fmdelpueblo.ar\/index.php?rest_route=%2Fwp%2Fv2%2Fcomments&post=11558"}],"version-history":[{"count":0,"href":"http:\/\/fmdelpueblo.ar\/index.php?rest_route=\/wp\/v2\/posts\/11558\/revisions"}],"wp:attachment":[{"href":"http:\/\/fmdelpueblo.ar\/index.php?rest_route=%2Fwp%2Fv2%2Fmedia&parent=11558"}],"wp:term":[{"taxonomy":"category","embeddable":true,"href":"http:\/\/fmdelpueblo.ar\/index.php?rest_route=%2Fwp%2Fv2%2Fcategories&post=11558"},{"taxonomy":"post_tag","embeddable":true,"href":"http:\/\/fmdelpueblo.ar\/index.php?rest_route=%2Fwp%2Fv2%2Ftags&post=11558"}],"curies":[{"name":"wp","href":"https:\/\/api.w.org\/{rel}","templated":true}]}}