{"id":11552,"date":"2022-03-30T03:09:28","date_gmt":"2022-03-30T03:09:28","guid":{"rendered":"https:\/\/fmdelpueblo.ar\/?p=11552"},"modified":"2022-03-30T03:09:28","modified_gmt":"2022-03-30T03:09:28","slug":"el-cura-monstruo-canada-busca-detener-a-sacerdote-de-93-anos-acusado-de-violar-a-nino-indigena","status":"publish","type":"post","link":"http:\/\/fmdelpueblo.ar\/?p=11552","title":{"rendered":"El cura \u00abmonstruo\u00bb: Canad\u00e1 busca detener a sacerdote de 93 a\u00f1os, acusado de violar a ni\u00f1o ind\u00edgena"},"content":{"rendered":"<\/p>\n<p>El nombre de Johannes\u00a0Rivoire, que ahora vive en Francia, fue mencionado en El Vaticano a ra\u00edz de una nueva denuncia, de una mujer. El ni\u00f1o inuit vivir\u00eda atormentado hasta que se suicid\u00f3. <a href=\"https:\/\/www.perfil.com\/noticias\/internacional\/el-cura-monstruo-canada-ordeno-detener-a-sacerdote-de-93-anos-acusado-de-violar-a-nino-indigena.phtml\">Leer m\u00e1s<\/a><\/p>\n","protected":false},"excerpt":{"rendered":"<p>El nombre de Johannes\u00a0Rivoire, que ahora vive en Francia, fue mencionado en El Vaticano a ra\u00edz de una nueva denuncia, de una mujer. El ni\u00f1o inuit vivir\u00eda atormentado hasta que se suicid\u00f3. Leer m\u00e1s<\/p>\n","protected":false},"author":0,"featured_media":0,"comment_status":"","ping_status":"","sticky":false,"template":"","format":"standard","meta":{"footnotes":""},"categories":[1],"tags":[],"class_list":["post-11552","post","type-post","status-publish","format-standard","hentry","category-sin-categoria"],"_links":{"self":[{"href":"http:\/\/fmdelpueblo.ar\/index.php?rest_route=\/wp\/v2\/posts\/11552","targetHints":{"allow":["GET"]}}],"collection":[{"href":"http:\/\/fmdelpueblo.ar\/index.php?rest_route=\/wp\/v2\/posts"}],"about":[{"href":"http:\/\/fmdelpueblo.ar\/index.php?rest_route=\/wp\/v2\/types\/post"}],"replies":[{"embeddable":true,"href":"http:\/\/fmdelpueblo.ar\/index.php?rest_route=%2Fwp%2Fv2%2Fcomments&post=11552"}],"version-history":[{"count":0,"href":"http:\/\/fmdelpueblo.ar\/index.php?rest_route=\/wp\/v2\/posts\/11552\/revisions"}],"wp:attachment":[{"href":"http:\/\/fmdelpueblo.ar\/index.php?rest_route=%2Fwp%2Fv2%2Fmedia&parent=11552"}],"wp:term":[{"taxonomy":"category","embeddable":true,"href":"http:\/\/fmdelpueblo.ar\/index.php?rest_route=%2Fwp%2Fv2%2Fcategories&post=11552"},{"taxonomy":"post_tag","embeddable":true,"href":"http:\/\/fmdelpueblo.ar\/index.php?rest_route=%2Fwp%2Fv2%2Ftags&post=11552"}],"curies":[{"name":"wp","href":"https:\/\/api.w.org\/{rel}","templated":true}]}}