{"id":114,"date":"2021-10-25T22:20:47","date_gmt":"2021-10-25T22:20:47","guid":{"rendered":"http:\/\/fmdelpueblo.ar\/?p=114"},"modified":"2021-10-25T22:20:47","modified_gmt":"2021-10-25T22:20:47","slug":"pedro-castillo-se-aleja-de-los-radicales","status":"publish","type":"post","link":"http:\/\/fmdelpueblo.ar\/?p=114","title":{"rendered":"Pedro Castillo se aleja de los radicales"},"content":{"rendered":"<\/p>\n<p>Pedro Castillo acept\u00f3 la renuncia de Guido Bellido. Lleg\u00f3 a ser una especie de segundo hombre despu\u00e9s del presidente peruano, pero les colm\u00f3 la paciencia a varios pol\u00edticos.  <a href=\"https:\/\/www.perfil.com\/noticias\/internacional\/pedro-castillo-se-aleja-de-los-radicales.phtml\">Leer m\u00e1s<\/a><\/p>\n","protected":false},"excerpt":{"rendered":"<p>Pedro Castillo acept\u00f3 la renuncia de Guido Bellido. Lleg\u00f3 a ser una especie de segundo hombre despu\u00e9s del presidente peruano, pero les colm\u00f3 la paciencia a varios pol\u00edticos. Leer m\u00e1s<\/p>\n","protected":false},"author":0,"featured_media":0,"comment_status":"","ping_status":"","sticky":false,"template":"","format":"standard","meta":{"footnotes":""},"categories":[1],"tags":[],"class_list":["post-114","post","type-post","status-publish","format-standard","hentry","category-sin-categoria"],"_links":{"self":[{"href":"http:\/\/fmdelpueblo.ar\/index.php?rest_route=\/wp\/v2\/posts\/114","targetHints":{"allow":["GET"]}}],"collection":[{"href":"http:\/\/fmdelpueblo.ar\/index.php?rest_route=\/wp\/v2\/posts"}],"about":[{"href":"http:\/\/fmdelpueblo.ar\/index.php?rest_route=\/wp\/v2\/types\/post"}],"replies":[{"embeddable":true,"href":"http:\/\/fmdelpueblo.ar\/index.php?rest_route=%2Fwp%2Fv2%2Fcomments&post=114"}],"version-history":[{"count":0,"href":"http:\/\/fmdelpueblo.ar\/index.php?rest_route=\/wp\/v2\/posts\/114\/revisions"}],"wp:attachment":[{"href":"http:\/\/fmdelpueblo.ar\/index.php?rest_route=%2Fwp%2Fv2%2Fmedia&parent=114"}],"wp:term":[{"taxonomy":"category","embeddable":true,"href":"http:\/\/fmdelpueblo.ar\/index.php?rest_route=%2Fwp%2Fv2%2Fcategories&post=114"},{"taxonomy":"post_tag","embeddable":true,"href":"http:\/\/fmdelpueblo.ar\/index.php?rest_route=%2Fwp%2Fv2%2Ftags&post=114"}],"curies":[{"name":"wp","href":"https:\/\/api.w.org\/{rel}","templated":true}]}}