{"id":11352,"date":"2022-03-27T11:09:50","date_gmt":"2022-03-27T11:09:50","guid":{"rendered":"https:\/\/fmdelpueblo.ar\/?p=11352"},"modified":"2022-03-27T11:09:50","modified_gmt":"2022-03-27T11:09:50","slug":"a-los-82-anos-murio-el-humorista-enrique-pinti","status":"publish","type":"post","link":"http:\/\/fmdelpueblo.ar\/?p=11352","title":{"rendered":"A los 82 a\u00f1os, muri\u00f3 el humorista Enrique Pinti"},"content":{"rendered":"<\/p>\n<p>El int\u00e9rprete estaba internado desde el 5 de marzo en el Sanatorio Otamendi. Hace a\u00f1os padec\u00eda diabetes y problemas circulatorios. <a href=\"https:\/\/www.perfil.com\/noticias\/actualidad\/a-los-82-anos-murio-el-humorista-enrique-pinti.phtml\">Leer m\u00e1s<\/a><\/p>\n","protected":false},"excerpt":{"rendered":"<p>El int\u00e9rprete estaba internado desde el 5 de marzo en el Sanatorio Otamendi. Hace a\u00f1os padec\u00eda diabetes y problemas circulatorios. Leer m\u00e1s<\/p>\n","protected":false},"author":0,"featured_media":0,"comment_status":"","ping_status":"","sticky":false,"template":"","format":"standard","meta":{"footnotes":""},"categories":[1],"tags":[],"class_list":["post-11352","post","type-post","status-publish","format-standard","hentry","category-sin-categoria"],"_links":{"self":[{"href":"http:\/\/fmdelpueblo.ar\/index.php?rest_route=\/wp\/v2\/posts\/11352","targetHints":{"allow":["GET"]}}],"collection":[{"href":"http:\/\/fmdelpueblo.ar\/index.php?rest_route=\/wp\/v2\/posts"}],"about":[{"href":"http:\/\/fmdelpueblo.ar\/index.php?rest_route=\/wp\/v2\/types\/post"}],"replies":[{"embeddable":true,"href":"http:\/\/fmdelpueblo.ar\/index.php?rest_route=%2Fwp%2Fv2%2Fcomments&post=11352"}],"version-history":[{"count":0,"href":"http:\/\/fmdelpueblo.ar\/index.php?rest_route=\/wp\/v2\/posts\/11352\/revisions"}],"wp:attachment":[{"href":"http:\/\/fmdelpueblo.ar\/index.php?rest_route=%2Fwp%2Fv2%2Fmedia&parent=11352"}],"wp:term":[{"taxonomy":"category","embeddable":true,"href":"http:\/\/fmdelpueblo.ar\/index.php?rest_route=%2Fwp%2Fv2%2Fcategories&post=11352"},{"taxonomy":"post_tag","embeddable":true,"href":"http:\/\/fmdelpueblo.ar\/index.php?rest_route=%2Fwp%2Fv2%2Ftags&post=11352"}],"curies":[{"name":"wp","href":"https:\/\/api.w.org\/{rel}","templated":true}]}}