{"id":11125,"date":"2022-03-24T12:09:33","date_gmt":"2022-03-24T12:09:33","guid":{"rendered":"http:\/\/fmdelpueblo.ar\/?p=11125"},"modified":"2022-03-24T12:09:33","modified_gmt":"2022-03-24T12:09:33","slug":"anibal-fernandez-descarto-una-ruptura-en-el-frente-de-todos-el-presidente-jamas-haria-semejante-cosa","status":"publish","type":"post","link":"http:\/\/fmdelpueblo.ar\/?p=11125","title":{"rendered":"An\u00edbal Fern\u00e1ndez descart\u00f3 una ruptura en el Frente de Todos: \u00abEl Presidente jam\u00e1s har\u00eda semejante cosa\u00bb"},"content":{"rendered":"<\/p>\n<p>El Ministro de Seguridad se refiri\u00f3 a las tensiones entre Alberto Fern\u00e1ndez y Cristina Kirchner, apunt\u00f3 contra el c\u00edrculo que pide ruptura al jefe de Estado y critic\u00f3 la \u00abcodicia asquerosa\u00bb de quienes aumentan los precios. <a href=\"https:\/\/www.perfil.com\/noticias\/politica\/anibal-fernandez-descarto-una-ruptura-en-el-frente-de-todos-el-presidente-jamas-haria-semejante-cosa.phtml\">Leer m\u00e1s<\/a><\/p>\n","protected":false},"excerpt":{"rendered":"<p>El Ministro de Seguridad se refiri\u00f3 a las tensiones entre Alberto Fern\u00e1ndez y Cristina Kirchner, apunt\u00f3 contra el c\u00edrculo que pide ruptura al jefe de Estado y critic\u00f3 la \u00abcodicia asquerosa\u00bb de quienes aumentan los precios. Leer m\u00e1s<\/p>\n","protected":false},"author":0,"featured_media":0,"comment_status":"","ping_status":"","sticky":false,"template":"","format":"standard","meta":{"footnotes":""},"categories":[1],"tags":[],"class_list":["post-11125","post","type-post","status-publish","format-standard","hentry","category-sin-categoria"],"_links":{"self":[{"href":"http:\/\/fmdelpueblo.ar\/index.php?rest_route=\/wp\/v2\/posts\/11125","targetHints":{"allow":["GET"]}}],"collection":[{"href":"http:\/\/fmdelpueblo.ar\/index.php?rest_route=\/wp\/v2\/posts"}],"about":[{"href":"http:\/\/fmdelpueblo.ar\/index.php?rest_route=\/wp\/v2\/types\/post"}],"replies":[{"embeddable":true,"href":"http:\/\/fmdelpueblo.ar\/index.php?rest_route=%2Fwp%2Fv2%2Fcomments&post=11125"}],"version-history":[{"count":0,"href":"http:\/\/fmdelpueblo.ar\/index.php?rest_route=\/wp\/v2\/posts\/11125\/revisions"}],"wp:attachment":[{"href":"http:\/\/fmdelpueblo.ar\/index.php?rest_route=%2Fwp%2Fv2%2Fmedia&parent=11125"}],"wp:term":[{"taxonomy":"category","embeddable":true,"href":"http:\/\/fmdelpueblo.ar\/index.php?rest_route=%2Fwp%2Fv2%2Fcategories&post=11125"},{"taxonomy":"post_tag","embeddable":true,"href":"http:\/\/fmdelpueblo.ar\/index.php?rest_route=%2Fwp%2Fv2%2Ftags&post=11125"}],"curies":[{"name":"wp","href":"https:\/\/api.w.org\/{rel}","templated":true}]}}