{"id":111,"date":"2021-10-25T22:20:47","date_gmt":"2021-10-25T22:20:47","guid":{"rendered":"http:\/\/fmdelpueblo.ar\/?p=111"},"modified":"2021-10-25T22:20:47","modified_gmt":"2021-10-25T22:20:47","slug":"en-vivo-mira-reperfilar-con-santo-biasatti-y-maria-areces-en-net-tv","status":"publish","type":"post","link":"http:\/\/fmdelpueblo.ar\/?p=111","title":{"rendered":"En vivo: mir\u00e1 RePerfilAr, con Santo Biasatti y Mar\u00eda Areces en Net TV"},"content":{"rendered":"<\/p>\n<p>El emblem\u00e1tico periodista volvi\u00f3 a conducir el noticiero de un canal de aire junto a Mar\u00eda Areces. Miralo de lunes a viernes de 19 a 20 por NET TV. <a href=\"https:\/\/www.perfil.com\/noticias\/actualidad\/en-vivo-mira-reperfilar-con-santo-biasatti-y-maria-areces.phtml\">Leer m\u00e1s<\/a><\/p>\n","protected":false},"excerpt":{"rendered":"<p>El emblem\u00e1tico periodista volvi\u00f3 a conducir el noticiero de un canal de aire junto a Mar\u00eda Areces. Miralo de lunes a viernes de 19 a 20 por NET TV. Leer m\u00e1s<\/p>\n","protected":false},"author":0,"featured_media":0,"comment_status":"","ping_status":"","sticky":false,"template":"","format":"standard","meta":{"footnotes":""},"categories":[1],"tags":[],"class_list":["post-111","post","type-post","status-publish","format-standard","hentry","category-sin-categoria"],"_links":{"self":[{"href":"http:\/\/fmdelpueblo.ar\/index.php?rest_route=\/wp\/v2\/posts\/111","targetHints":{"allow":["GET"]}}],"collection":[{"href":"http:\/\/fmdelpueblo.ar\/index.php?rest_route=\/wp\/v2\/posts"}],"about":[{"href":"http:\/\/fmdelpueblo.ar\/index.php?rest_route=\/wp\/v2\/types\/post"}],"replies":[{"embeddable":true,"href":"http:\/\/fmdelpueblo.ar\/index.php?rest_route=%2Fwp%2Fv2%2Fcomments&post=111"}],"version-history":[{"count":0,"href":"http:\/\/fmdelpueblo.ar\/index.php?rest_route=\/wp\/v2\/posts\/111\/revisions"}],"wp:attachment":[{"href":"http:\/\/fmdelpueblo.ar\/index.php?rest_route=%2Fwp%2Fv2%2Fmedia&parent=111"}],"wp:term":[{"taxonomy":"category","embeddable":true,"href":"http:\/\/fmdelpueblo.ar\/index.php?rest_route=%2Fwp%2Fv2%2Fcategories&post=111"},{"taxonomy":"post_tag","embeddable":true,"href":"http:\/\/fmdelpueblo.ar\/index.php?rest_route=%2Fwp%2Fv2%2Ftags&post=111"}],"curies":[{"name":"wp","href":"https:\/\/api.w.org\/{rel}","templated":true}]}}