{"id":110,"date":"2021-10-25T21:18:36","date_gmt":"2021-10-25T21:18:36","guid":{"rendered":"https:\/\/fmdelpueblo.ar\/?p=110"},"modified":"2021-10-25T21:18:36","modified_gmt":"2021-10-25T21:18:36","slug":"confirman-que-el-cuerpo-hallado-en-rio-uruguay-es-del-empresario-eugenio-schneider","status":"publish","type":"post","link":"http:\/\/fmdelpueblo.ar\/?p=110","title":{"rendered":"Confirman que el cuerpo hallado en r\u00edo Uruguay es del empresario Eugenio Schneider"},"content":{"rendered":"<\/p>\n<p>Los restos fueron encontrados en la orilla argentina del r\u00edo por una patrulla de la Prefectura Naval el domingo. El hombre de 81 a\u00f1os hab\u00eda desaparecido el jueves y la autopsia confirm\u00f3 su identidad. <a href=\"https:\/\/www.perfil.com\/noticias\/actualidad\/confirman-que-el-cuerpo-hallado-en-rio-uruguay-corresponde-a-empresario-argentino.phtml\">Leer m\u00e1s<\/a><\/p>\n","protected":false},"excerpt":{"rendered":"<p>Los restos fueron encontrados en la orilla argentina del r\u00edo por una patrulla de la Prefectura Naval el domingo. El hombre de 81 a\u00f1os hab\u00eda desaparecido el jueves y la autopsia confirm\u00f3 su identidad. Leer m\u00e1s<\/p>\n","protected":false},"author":0,"featured_media":0,"comment_status":"","ping_status":"","sticky":false,"template":"","format":"standard","meta":{"footnotes":""},"categories":[1],"tags":[],"class_list":["post-110","post","type-post","status-publish","format-standard","hentry","category-sin-categoria"],"_links":{"self":[{"href":"http:\/\/fmdelpueblo.ar\/index.php?rest_route=\/wp\/v2\/posts\/110","targetHints":{"allow":["GET"]}}],"collection":[{"href":"http:\/\/fmdelpueblo.ar\/index.php?rest_route=\/wp\/v2\/posts"}],"about":[{"href":"http:\/\/fmdelpueblo.ar\/index.php?rest_route=\/wp\/v2\/types\/post"}],"replies":[{"embeddable":true,"href":"http:\/\/fmdelpueblo.ar\/index.php?rest_route=%2Fwp%2Fv2%2Fcomments&post=110"}],"version-history":[{"count":0,"href":"http:\/\/fmdelpueblo.ar\/index.php?rest_route=\/wp\/v2\/posts\/110\/revisions"}],"wp:attachment":[{"href":"http:\/\/fmdelpueblo.ar\/index.php?rest_route=%2Fwp%2Fv2%2Fmedia&parent=110"}],"wp:term":[{"taxonomy":"category","embeddable":true,"href":"http:\/\/fmdelpueblo.ar\/index.php?rest_route=%2Fwp%2Fv2%2Fcategories&post=110"},{"taxonomy":"post_tag","embeddable":true,"href":"http:\/\/fmdelpueblo.ar\/index.php?rest_route=%2Fwp%2Fv2%2Ftags&post=110"}],"curies":[{"name":"wp","href":"https:\/\/api.w.org\/{rel}","templated":true}]}}