{"id":108,"date":"2021-10-25T21:18:36","date_gmt":"2021-10-25T21:18:36","guid":{"rendered":"https:\/\/fmdelpueblo.ar\/?p=108"},"modified":"2021-10-25T21:18:36","modified_gmt":"2021-10-25T21:18:36","slug":"el-76-de-los-argentinos-considera-que-los-alimentos-organicos-son-mejores-para-el-medio-ambiente","status":"publish","type":"post","link":"http:\/\/fmdelpueblo.ar\/?p=108","title":{"rendered":"El 76% de los argentinos considera que los alimentos org\u00e1nicos son mejores para el medio ambiente"},"content":{"rendered":"<\/p>\n<p>Esta es una de las conclusiones del reciente estudio del cap\u00edtulo local de \u201cTaste Tomorrow\u201d, el estudio sobre tendencias en consumo de panader\u00eda, pasteler\u00eda y chocolater\u00eda. <a href=\"https:\/\/www.perfil.com\/noticias\/agro\/el-76-de-los-argentinos-considera-que-los-alimentos-organicos-son-mejores-para-el-medio-ambiente.phtml\">Leer m\u00e1s<\/a><\/p>\n","protected":false},"excerpt":{"rendered":"<p>Esta es una de las conclusiones del reciente estudio del cap\u00edtulo local de \u201cTaste Tomorrow\u201d, el estudio sobre tendencias en consumo de panader\u00eda, pasteler\u00eda y chocolater\u00eda. Leer m\u00e1s<\/p>\n","protected":false},"author":0,"featured_media":0,"comment_status":"","ping_status":"","sticky":false,"template":"","format":"standard","meta":{"footnotes":""},"categories":[1],"tags":[],"class_list":["post-108","post","type-post","status-publish","format-standard","hentry","category-sin-categoria"],"_links":{"self":[{"href":"http:\/\/fmdelpueblo.ar\/index.php?rest_route=\/wp\/v2\/posts\/108","targetHints":{"allow":["GET"]}}],"collection":[{"href":"http:\/\/fmdelpueblo.ar\/index.php?rest_route=\/wp\/v2\/posts"}],"about":[{"href":"http:\/\/fmdelpueblo.ar\/index.php?rest_route=\/wp\/v2\/types\/post"}],"replies":[{"embeddable":true,"href":"http:\/\/fmdelpueblo.ar\/index.php?rest_route=%2Fwp%2Fv2%2Fcomments&post=108"}],"version-history":[{"count":0,"href":"http:\/\/fmdelpueblo.ar\/index.php?rest_route=\/wp\/v2\/posts\/108\/revisions"}],"wp:attachment":[{"href":"http:\/\/fmdelpueblo.ar\/index.php?rest_route=%2Fwp%2Fv2%2Fmedia&parent=108"}],"wp:term":[{"taxonomy":"category","embeddable":true,"href":"http:\/\/fmdelpueblo.ar\/index.php?rest_route=%2Fwp%2Fv2%2Fcategories&post=108"},{"taxonomy":"post_tag","embeddable":true,"href":"http:\/\/fmdelpueblo.ar\/index.php?rest_route=%2Fwp%2Fv2%2Ftags&post=108"}],"curies":[{"name":"wp","href":"https:\/\/api.w.org\/{rel}","templated":true}]}}