{"id":104,"date":"2021-10-25T21:18:35","date_gmt":"2021-10-25T21:18:35","guid":{"rendered":"https:\/\/fmdelpueblo.ar\/?p=104"},"modified":"2021-10-25T21:18:35","modified_gmt":"2021-10-25T21:18:35","slug":"el-kirchnerismo-y-la-maquina-de-hacer-pobres","status":"publish","type":"post","link":"http:\/\/fmdelpueblo.ar\/?p=104","title":{"rendered":"El kirchnerismo y la m\u00e1quina de hacer pobres"},"content":{"rendered":"<\/p>\n<p>No fue la pandemia la que nos llev\u00f3 a ser uno de los pa\u00edses con mayor ca\u00edda del PBI en la regi\u00f3n, sino la p\u00e9sima gesti\u00f3n, las internas furibundas entre el \u201celegido\u201d por CFK para gobernar y su gabinete y la decisi\u00f3n del Gobierno, con el supuesto argumento de cuidar la salud de los argentinos por sobre la econom\u00eda, lo que nos han llevado a este presente.  <a href=\"https:\/\/www.perfil.com\/noticias\/opinion\/flavio-fama-el-kirchnerismo-y-la-maquina-de-hacer-pobres.phtml\">Leer m\u00e1s<\/a><\/p>\n","protected":false},"excerpt":{"rendered":"<p>No fue la pandemia la que nos llev\u00f3 a ser uno de los pa\u00edses con mayor ca\u00edda del PBI en la regi\u00f3n, sino la p\u00e9sima gesti\u00f3n, las internas furibundas entre el \u201celegido\u201d por CFK para gobernar y su gabinete y la decisi\u00f3n del Gobierno, con el supuesto argumento de cuidar la salud de los argentinos [&hellip;]<\/p>\n","protected":false},"author":0,"featured_media":0,"comment_status":"","ping_status":"","sticky":false,"template":"","format":"standard","meta":{"footnotes":""},"categories":[1],"tags":[],"class_list":["post-104","post","type-post","status-publish","format-standard","hentry","category-sin-categoria"],"_links":{"self":[{"href":"http:\/\/fmdelpueblo.ar\/index.php?rest_route=\/wp\/v2\/posts\/104","targetHints":{"allow":["GET"]}}],"collection":[{"href":"http:\/\/fmdelpueblo.ar\/index.php?rest_route=\/wp\/v2\/posts"}],"about":[{"href":"http:\/\/fmdelpueblo.ar\/index.php?rest_route=\/wp\/v2\/types\/post"}],"replies":[{"embeddable":true,"href":"http:\/\/fmdelpueblo.ar\/index.php?rest_route=%2Fwp%2Fv2%2Fcomments&post=104"}],"version-history":[{"count":0,"href":"http:\/\/fmdelpueblo.ar\/index.php?rest_route=\/wp\/v2\/posts\/104\/revisions"}],"wp:attachment":[{"href":"http:\/\/fmdelpueblo.ar\/index.php?rest_route=%2Fwp%2Fv2%2Fmedia&parent=104"}],"wp:term":[{"taxonomy":"category","embeddable":true,"href":"http:\/\/fmdelpueblo.ar\/index.php?rest_route=%2Fwp%2Fv2%2Fcategories&post=104"},{"taxonomy":"post_tag","embeddable":true,"href":"http:\/\/fmdelpueblo.ar\/index.php?rest_route=%2Fwp%2Fv2%2Ftags&post=104"}],"curies":[{"name":"wp","href":"https:\/\/api.w.org\/{rel}","templated":true}]}}