{"id":103,"date":"2021-10-25T21:18:35","date_gmt":"2021-10-25T21:18:35","guid":{"rendered":"https:\/\/fmdelpueblo.ar\/?p=103"},"modified":"2021-10-25T21:18:35","modified_gmt":"2021-10-25T21:18:35","slug":"para-analistas-dolares-libres-seguiran-subiendo-por-factores-internos-y-externos","status":"publish","type":"post","link":"http:\/\/fmdelpueblo.ar\/?p=103","title":{"rendered":"Para analistas, d\u00f3lares libres seguir\u00e1n subiendo por factores internos y externos"},"content":{"rendered":"<\/p>\n<p>Para economistas, el d\u00f3lar blue y los divisas financieras libres continuar\u00e1n en alza por mayor emisi\u00f3n y expectativas inflacionarias. El efecto Brasil tambi\u00e9n presionara en el frente cambiario.  <a href=\"https:\/\/www.perfil.com\/noticias\/economia\/para-analistas-dolares-libres-seguiran-subiendo-por-factores-internos-y-externos.phtml\">Leer m\u00e1s<\/a><\/p>\n","protected":false},"excerpt":{"rendered":"<p>Para economistas, el d\u00f3lar blue y los divisas financieras libres continuar\u00e1n en alza por mayor emisi\u00f3n y expectativas inflacionarias. El efecto Brasil tambi\u00e9n presionara en el frente cambiario. Leer m\u00e1s<\/p>\n","protected":false},"author":0,"featured_media":0,"comment_status":"","ping_status":"","sticky":false,"template":"","format":"standard","meta":{"footnotes":""},"categories":[1],"tags":[],"class_list":["post-103","post","type-post","status-publish","format-standard","hentry","category-sin-categoria"],"_links":{"self":[{"href":"http:\/\/fmdelpueblo.ar\/index.php?rest_route=\/wp\/v2\/posts\/103","targetHints":{"allow":["GET"]}}],"collection":[{"href":"http:\/\/fmdelpueblo.ar\/index.php?rest_route=\/wp\/v2\/posts"}],"about":[{"href":"http:\/\/fmdelpueblo.ar\/index.php?rest_route=\/wp\/v2\/types\/post"}],"replies":[{"embeddable":true,"href":"http:\/\/fmdelpueblo.ar\/index.php?rest_route=%2Fwp%2Fv2%2Fcomments&post=103"}],"version-history":[{"count":0,"href":"http:\/\/fmdelpueblo.ar\/index.php?rest_route=\/wp\/v2\/posts\/103\/revisions"}],"wp:attachment":[{"href":"http:\/\/fmdelpueblo.ar\/index.php?rest_route=%2Fwp%2Fv2%2Fmedia&parent=103"}],"wp:term":[{"taxonomy":"category","embeddable":true,"href":"http:\/\/fmdelpueblo.ar\/index.php?rest_route=%2Fwp%2Fv2%2Fcategories&post=103"},{"taxonomy":"post_tag","embeddable":true,"href":"http:\/\/fmdelpueblo.ar\/index.php?rest_route=%2Fwp%2Fv2%2Ftags&post=103"}],"curies":[{"name":"wp","href":"https:\/\/api.w.org\/{rel}","templated":true}]}}